{"id":4849,"date":"2026-09-02T09:56:51","date_gmt":"2026-09-02T09:56:51","guid":{"rendered":"https:\/\/www.semanaverde.es\/la-feria-abanca-semana-verde-de-galicia-inicia-su-camino-hacia-una-edicion-especial-xacobeo-que-sera-del-3-al-6-de-junio-de-2027\/"},"modified":"2026-09-02T09:58:05","modified_gmt":"2026-09-02T09:58:05","slug":"la-feria-abanca-semana-verde-de-galicia-inicia-su-camino-hacia-una-edicion-especial-xacobeo-que-sera-del-3-al-6-de-junio-de-2027","status":"publish","type":"post","link":"https:\/\/www.semanaverde.es\/gl\/la-feria-abanca-semana-verde-de-galicia-inicia-su-camino-hacia-una-edicion-especial-xacobeo-que-sera-del-3-al-6-de-junio-de-2027\/","title":{"rendered":"A feira Abanca Semana Verde de Galicia inicia o seu cami\u00f1o cara unha edici\u00f3n especial Xacobeo que ser\u00e1 do 3 ao 6 de xu\u00f1o de 2027"},"content":{"rendered":"<ul>\n<li><strong>SER\u00c1 A 49\u00aa CONVOCATORIA DESTE RECO\u00d1ECIDO EVENTO MULTISECTORIAL, QUE NA S\u00daA \u00daLTIMA CITA REXISTROU A MAIOR CIFRA DE EXPOSITORES DOS \u00daLTIMOS 19 ANOS E UNHA AFLUENCIA DE 109.480 PERSOAS<\/strong><\/li>\n<li><strong>A ORGANIZACI\u00d3N TRABALLA XA NUNHA PROPOSTA NA QUE NEGOCIO E LECER SE UNIR\u00c1N UNHA VEZ M\u00c1IS NA S\u00daA EXPOSICI\u00d3N E PROGRAMA DE ACTIVIDADES<\/strong><\/li>\n<\/ul>\n<p><strong><em>Silleda, 2 de setembro de 2026.- <\/em><\/strong>A Feira Internacional Abanca Semana Verde de Galicia xa ten datas para 2027. Ser\u00e1 do 3 ao 6 de xu\u00f1o cando celebre unha 49\u00aa convocatoria que ter\u00e1n un car\u00e1cter singular, xa que ser\u00e1 unha edici\u00f3n especial Xacobeo 2027.<\/p>\n<p>Este gran certame multisectorial de comercio e lecer conectar\u00e1 a s\u00faa proposta co esp\u00edrito do Xacobeo, ligado ao encontro, a diversidade, o di\u00e1logo, a creaci\u00f3n de v\u00ednculos e a apertura ao mundo. Reforzar\u00e1 as\u00ed o seu car\u00e1cter como escaparate de Galicia e vincular\u00e1 aos expositores de todas as orixes a un acontecemento de dimensi\u00f3n internacional que favorecer\u00e1 o intercambio entre empresas e territorios e a proxecci\u00f3n das s\u00faas propostas nun contexto excepcional.<\/p>\n<p>En canto \u00e1 s\u00faa exposici\u00f3n, contar\u00e1 cos seus consolidados certames paralelos, o XXX Sal\u00f3n de Alimentaci\u00f3n do Atl\u00e1ntico, Salimat Abanca; o XVI Sal\u00f3n Tur\u00edstico de Galicia, Turexpo Galicia, a XIII Feira de Festas de Interese Tur\u00edstico, Festur, e tam\u00e9n a XIII Feira de Caza, Pesca e Natureza, Fecap Abanca. A eles unirase a terceira edici\u00f3n do Sal\u00f3n de Beleza e Est\u00e9tica Avanzada, Intermax Beauty Show e, como \u00e9 habitual, outros moitos sectores que ir\u00e1n desde gander\u00eda, bioenerx\u00eda, pequena maquinaria, xardiner\u00eda ou ferramenta ata mobiliario, decoraci\u00f3n ou artesan\u00eda.<\/p>\n<p>Respecto ao seu programa, incluir\u00e1 novamente actividades para profesionais e p\u00fablico xeneral, sumando novidades \u00e1s propostas xa cl\u00e1sicas que contan sempre cunha excelente acollida e tam\u00e9n outras relacionadas co Xacobeo.<\/p>\n<p>Unha cita na que se deixar\u00e1 nota a riqueza do Camino de Santiago e que xa est\u00e1 a comezar a organizar o equipo da Fundaci\u00f3n Semana Verde de Galicia, co obxectivo de manter o elevando interese e fidelidade que xera en cada edici\u00f3n por parte de expositores e visitantes.<\/p>\n<p><strong>Unha cita con solidez e crecemento<\/strong><\/p>\n<p>A Feira Internacional Abanca Semana Verde de Galicia \u00e9 xa unha cita amplamente consolidada pola s\u00faa capacidade para crear oportunidades comerciais e ofrecer unha proposta con atractivo para todo tipo de p\u00fablico.<\/p>\n<p>Un esforzo que se reflicte nos seus crecentes resultados. As\u00ed, na s\u00faa pasada convocatoria, celebrada do 4 ao 7 de xu\u00f1o deste ano, reuniu a 793 expositores directos de seis pa\u00edses, convert\u00e9ndose na maior dos \u00faltimos dezanove anos. Ademais, rexistrou cifras r\u00e9cord na exposici\u00f3n dos seus sal\u00f3ns de turismo e alimentaci\u00f3n e medrou respecto \u00e1 anterior edici\u00f3n no resto de sal\u00f3ns paralelos.<\/p>\n<p>Por outra banda, volveu ofrecer m\u00e1is de 200 actividades das que puideron desfrutar 109.480 visitantes.<\/p>\n","protected":false},"excerpt":{"rendered":"<p>SER\u00c1 A 49\u00aa CONVOCATORIA DESTE RECO\u00d1ECIDO EVENTO MULTISECTORIAL, QUE NA S\u00daA \u00daLTIMA CITA REXISTROU A MAIOR CIFRA DE EXPOSITORES DOS \u00daLTIMOS 19 ANOS E UNHA AFLUENCIA DE 109.480 PERSOAS A ORGANIZACI\u00d3N TRABALLA XA NUNHA PROPOSTA NA QUE NEGOCIO E LECER SE UNIR\u00c1N UNHA VEZ M\u00c1IS NA S\u00daA EXPOSICI\u00d3N E PROGRAMA DE ACTIVIDADES Silleda, 2 de &#8230; <a title=\"A feira Abanca Semana Verde de Galicia inicia o seu cami\u00f1o cara unha edici\u00f3n especial Xacobeo que ser\u00e1 do 3 ao 6 de xu\u00f1o de 2027\" class=\"read-more\" href=\"https:\/\/www.semanaverde.es\/gl\/la-feria-abanca-semana-verde-de-galicia-inicia-su-camino-hacia-una-edicion-especial-xacobeo-que-sera-del-3-al-6-de-junio-de-2027\/\" aria-label=\"M\u00e1is en A feira Abanca Semana Verde de Galicia inicia o seu cami\u00f1o cara unha edici\u00f3n especial Xacobeo que ser\u00e1 do 3 ao 6 de xu\u00f1o de 2027\">Ler m\u00e1is<\/a><\/p>\n","protected":false},"author":1,"featured_media":4847,"comment_status":"closed","ping_status":"closed","sticky":false,"template":"","format":"standard","meta":{"footnotes":""},"categories":[18],"tags":[],"class_list":["post-4849","post","type-post","status-publish","format-standard","has-post-thumbnail","hentry","category-uncategorized-gl"],"acf":[],"yoast_head":"<!-- This site is optimized with the Yoast SEO plugin v18.1 - https:\/\/yoast.com\/wordpress\/plugins\/seo\/ -->\n<title>A feira Abanca Semana Verde de Galicia inicia o seu cami\u00f1o cara unha edici\u00f3n especial Xacobeo que ser\u00e1 do 3 ao 6 de xu\u00f1o de 2027 - Feria Abanca Semana Verde de Galicia 2022<\/title>\n<meta name=\"robots\" content=\"index, follow, max-snippet:-1, max-image-preview:large, max-video-preview:-1\" \/>\n<link rel=\"canonical\" href=\"https:\/\/www.semanaverde.es\/gl\/la-feria-abanca-semana-verde-de-galicia-inicia-su-camino-hacia-una-edicion-especial-xacobeo-que-sera-del-3-al-6-de-junio-de-2027\/\" \/>\n<meta property=\"og:locale\" content=\"gl_ES\" \/>\n<meta property=\"og:type\" content=\"article\" \/>\n<meta property=\"og:title\" content=\"A feira Abanca Semana Verde de Galicia inicia o seu cami\u00f1o cara unha edici\u00f3n especial Xacobeo que ser\u00e1 do 3 ao 6 de xu\u00f1o de 2027 - Feria Abanca Semana Verde de Galicia 2022\" \/>\n<meta property=\"og:description\" content=\"SER\u00c1 A 49\u00aa CONVOCATORIA DESTE RECO\u00d1ECIDO EVENTO MULTISECTORIAL, QUE NA S\u00daA \u00daLTIMA CITA REXISTROU A MAIOR CIFRA DE EXPOSITORES DOS \u00daLTIMOS 19 ANOS E UNHA AFLUENCIA DE 109.480 PERSOAS A ORGANIZACI\u00d3N TRABALLA XA NUNHA PROPOSTA NA QUE NEGOCIO E LECER SE UNIR\u00c1N UNHA VEZ M\u00c1IS NA S\u00daA EXPOSICI\u00d3N E PROGRAMA DE ACTIVIDADES Silleda, 2 de ... Ler m\u00e1is\" \/>\n<meta property=\"og:url\" content=\"https:\/\/www.semanaverde.es\/gl\/la-feria-abanca-semana-verde-de-galicia-inicia-su-camino-hacia-una-edicion-especial-xacobeo-que-sera-del-3-al-6-de-junio-de-2027\/\" \/>\n<meta property=\"og:site_name\" content=\"Feria Abanca Semana Verde de Galicia 2022\" \/>\n<meta property=\"article:publisher\" content=\"https:\/\/www.facebook.com\/semanaverde\" \/>\n<meta property=\"article:published_time\" content=\"2026-09-02T09:56:51+00:00\" \/>\n<meta property=\"article:modified_time\" content=\"2026-09-02T09:58:05+00:00\" \/>\n<meta property=\"og:image\" content=\"https:\/\/www.semanaverde.es\/wp-content\/uploads\/2026\/09\/Vista-pabellon-2-Abanca-Semana-Verde-2026-IMG_20260605_120533.jpg\" \/>\n\t<meta property=\"og:image:width\" content=\"1500\" \/>\n\t<meta property=\"og:image:height\" content=\"844\" \/>\n\t<meta property=\"og:image:type\" content=\"image\/jpeg\" \/>\n<meta name=\"twitter:card\" content=\"summary_large_image\" \/>\n<meta name=\"twitter:creator\" content=\"@semanaverde\" \/>\n<meta name=\"twitter:site\" content=\"@semanaverde\" \/>\n<meta name=\"twitter:label1\" content=\"Escrito por\" \/>\n\t<meta name=\"twitter:data1\" content=\"admin@SedExpo\" \/>\n\t<meta name=\"twitter:label2\" content=\"Tempo de lectura\" \/>\n\t<meta name=\"twitter:data2\" content=\"2 minutos\" \/>\n<script type=\"application\/ld+json\" class=\"yoast-schema-graph\">{\"@context\":\"https:\/\/schema.org\",\"@graph\":[{\"@type\":\"Organization\",\"@id\":\"https:\/\/www.semanaverde.es\/gl\/#organization\",\"name\":\"Feria Abanca Semana Verde de Galicia - Silleda\",\"url\":\"https:\/\/www.semanaverde.es\/gl\/\",\"sameAs\":[\"https:\/\/www.facebook.com\/semanaverde\",\"https:\/\/es.linkedin.com\/company\/feira-internacional-de-galicia---figa\",\"https:\/\/twitter.com\/semanaverde\"],\"logo\":{\"@type\":\"ImageObject\",\"@id\":\"https:\/\/www.semanaverde.es\/gl\/#logo\",\"inLanguage\":\"gl-ES\",\"url\":\"https:\/\/www.semanaverde.es\/wp-content\/uploads\/2022\/04\/logo-semana-verde.png\",\"contentUrl\":\"https:\/\/www.semanaverde.es\/wp-content\/uploads\/2022\/04\/logo-semana-verde.png\",\"width\":312,\"height\":310,\"caption\":\"Feria Abanca Semana Verde de Galicia - Silleda\"},\"image\":{\"@id\":\"https:\/\/www.semanaverde.es\/gl\/#logo\"}},{\"@type\":\"WebSite\",\"@id\":\"https:\/\/www.semanaverde.es\/gl\/#website\",\"url\":\"https:\/\/www.semanaverde.es\/gl\/\",\"name\":\"Feria Abanca Semana Verde de Galicia 2022\",\"description\":\"La feria Abanca Semana Verde de Galicia se celebra en Silleda del 2 al 5 de junio 2022\",\"publisher\":{\"@id\":\"https:\/\/www.semanaverde.es\/gl\/#organization\"},\"potentialAction\":[{\"@type\":\"SearchAction\",\"target\":{\"@type\":\"EntryPoint\",\"urlTemplate\":\"https:\/\/www.semanaverde.es\/gl\/?s={search_term_string}\"},\"query-input\":\"required name=search_term_string\"}],\"inLanguage\":\"gl-ES\"},{\"@type\":\"ImageObject\",\"@id\":\"https:\/\/www.semanaverde.es\/gl\/la-feria-abanca-semana-verde-de-galicia-inicia-su-camino-hacia-una-edicion-especial-xacobeo-que-sera-del-3-al-6-de-junio-de-2027\/#primaryimage\",\"inLanguage\":\"gl-ES\",\"url\":\"https:\/\/www.semanaverde.es\/wp-content\/uploads\/2026\/09\/Vista-pabellon-2-Abanca-Semana-Verde-2026-IMG_20260605_120533.jpg\",\"contentUrl\":\"https:\/\/www.semanaverde.es\/wp-content\/uploads\/2026\/09\/Vista-pabellon-2-Abanca-Semana-Verde-2026-IMG_20260605_120533.jpg\",\"width\":1500,\"height\":844},{\"@type\":\"WebPage\",\"@id\":\"https:\/\/www.semanaverde.es\/gl\/la-feria-abanca-semana-verde-de-galicia-inicia-su-camino-hacia-una-edicion-especial-xacobeo-que-sera-del-3-al-6-de-junio-de-2027\/#webpage\",\"url\":\"https:\/\/www.semanaverde.es\/gl\/la-feria-abanca-semana-verde-de-galicia-inicia-su-camino-hacia-una-edicion-especial-xacobeo-que-sera-del-3-al-6-de-junio-de-2027\/\",\"name\":\"A feira Abanca Semana Verde de Galicia inicia o seu cami\u00f1o cara unha edici\u00f3n especial Xacobeo que ser\u00e1 do 3 ao 6 de xu\u00f1o de 2027 - Feria Abanca Semana Verde de Galicia 2022\",\"isPartOf\":{\"@id\":\"https:\/\/www.semanaverde.es\/gl\/#website\"},\"primaryImageOfPage\":{\"@id\":\"https:\/\/www.semanaverde.es\/gl\/la-feria-abanca-semana-verde-de-galicia-inicia-su-camino-hacia-una-edicion-especial-xacobeo-que-sera-del-3-al-6-de-junio-de-2027\/#primaryimage\"},\"datePublished\":\"2026-09-02T09:56:51+00:00\",\"dateModified\":\"2026-09-02T09:58:05+00:00\",\"breadcrumb\":{\"@id\":\"https:\/\/www.semanaverde.es\/gl\/la-feria-abanca-semana-verde-de-galicia-inicia-su-camino-hacia-una-edicion-especial-xacobeo-que-sera-del-3-al-6-de-junio-de-2027\/#breadcrumb\"},\"inLanguage\":\"gl-ES\",\"potentialAction\":[{\"@type\":\"ReadAction\",\"target\":[\"https:\/\/www.semanaverde.es\/gl\/la-feria-abanca-semana-verde-de-galicia-inicia-su-camino-hacia-una-edicion-especial-xacobeo-que-sera-del-3-al-6-de-junio-de-2027\/\"]}]},{\"@type\":\"BreadcrumbList\",\"@id\":\"https:\/\/www.semanaverde.es\/gl\/la-feria-abanca-semana-verde-de-galicia-inicia-su-camino-hacia-una-edicion-especial-xacobeo-que-sera-del-3-al-6-de-junio-de-2027\/#breadcrumb\",\"itemListElement\":[{\"@type\":\"ListItem\",\"position\":1,\"name\":\"Portada\",\"item\":\"https:\/\/www.semanaverde.es\/gl\/\"},{\"@type\":\"ListItem\",\"position\":2,\"name\":\"A feira Abanca Semana Verde de Galicia inicia o seu cami\u00f1o cara unha edici\u00f3n especial Xacobeo que ser\u00e1 do 3 ao 6 de xu\u00f1o de 2027\"}]},{\"@type\":\"Article\",\"@id\":\"https:\/\/www.semanaverde.es\/gl\/la-feria-abanca-semana-verde-de-galicia-inicia-su-camino-hacia-una-edicion-especial-xacobeo-que-sera-del-3-al-6-de-junio-de-2027\/#article\",\"isPartOf\":{\"@id\":\"https:\/\/www.semanaverde.es\/gl\/la-feria-abanca-semana-verde-de-galicia-inicia-su-camino-hacia-una-edicion-especial-xacobeo-que-sera-del-3-al-6-de-junio-de-2027\/#webpage\"},\"author\":{\"@id\":\"https:\/\/www.semanaverde.es\/gl\/#\/schema\/person\/1fc7315d6712a25472b2c1ce06566872\"},\"headline\":\"A feira Abanca Semana Verde de Galicia inicia o seu cami\u00f1o cara unha edici\u00f3n especial Xacobeo que ser\u00e1 do 3 ao 6 de xu\u00f1o de 2027\",\"datePublished\":\"2026-09-02T09:56:51+00:00\",\"dateModified\":\"2026-09-02T09:58:05+00:00\",\"mainEntityOfPage\":{\"@id\":\"https:\/\/www.semanaverde.es\/gl\/la-feria-abanca-semana-verde-de-galicia-inicia-su-camino-hacia-una-edicion-especial-xacobeo-que-sera-del-3-al-6-de-junio-de-2027\/#webpage\"},\"wordCount\":513,\"publisher\":{\"@id\":\"https:\/\/www.semanaverde.es\/gl\/#organization\"},\"image\":{\"@id\":\"https:\/\/www.semanaverde.es\/gl\/la-feria-abanca-semana-verde-de-galicia-inicia-su-camino-hacia-una-edicion-especial-xacobeo-que-sera-del-3-al-6-de-junio-de-2027\/#primaryimage\"},\"thumbnailUrl\":\"https:\/\/www.semanaverde.es\/wp-content\/uploads\/2026\/09\/Vista-pabellon-2-Abanca-Semana-Verde-2026-IMG_20260605_120533.jpg\",\"articleSection\":[\"Uncategorized @gl\"],\"inLanguage\":\"gl-ES\"},{\"@type\":\"Person\",\"@id\":\"https:\/\/www.semanaverde.es\/gl\/#\/schema\/person\/1fc7315d6712a25472b2c1ce06566872\",\"name\":\"admin@SedExpo\",\"image\":{\"@type\":\"ImageObject\",\"@id\":\"https:\/\/www.semanaverde.es\/gl\/#personlogo\",\"inLanguage\":\"gl-ES\",\"url\":\"https:\/\/secure.gravatar.com\/avatar\/2aee3a429c5c84b2486f82e4bb736b27e478d3632de0946f5aba7087273fe2cb?s=96&d=mm&r=g\",\"contentUrl\":\"https:\/\/secure.gravatar.com\/avatar\/2aee3a429c5c84b2486f82e4bb736b27e478d3632de0946f5aba7087273fe2cb?s=96&d=mm&r=g\",\"caption\":\"admin@SedExpo\"},\"url\":\"https:\/\/www.semanaverde.es\/gl\/author\/adminsedexpo\/\"}]}<\/script>\n<!-- \/ Yoast SEO plugin. -->","yoast_head_json":{"title":"A feira Abanca Semana Verde de Galicia inicia o seu cami\u00f1o cara unha edici\u00f3n especial Xacobeo que ser\u00e1 do 3 ao 6 de xu\u00f1o de 2027 - Feria Abanca Semana Verde de Galicia 2022","robots":{"index":"index","follow":"follow","max-snippet":"max-snippet:-1","max-image-preview":"max-image-preview:large","max-video-preview":"max-video-preview:-1"},"canonical":"https:\/\/www.semanaverde.es\/gl\/la-feria-abanca-semana-verde-de-galicia-inicia-su-camino-hacia-una-edicion-especial-xacobeo-que-sera-del-3-al-6-de-junio-de-2027\/","og_locale":"gl_ES","og_type":"article","og_title":"A feira Abanca Semana Verde de Galicia inicia o seu cami\u00f1o cara unha edici\u00f3n especial Xacobeo que ser\u00e1 do 3 ao 6 de xu\u00f1o de 2027 - Feria Abanca Semana Verde de Galicia 2022","og_description":"SER\u00c1 A 49\u00aa CONVOCATORIA DESTE RECO\u00d1ECIDO EVENTO MULTISECTORIAL, QUE NA S\u00daA \u00daLTIMA CITA REXISTROU A MAIOR CIFRA DE EXPOSITORES DOS \u00daLTIMOS 19 ANOS E UNHA AFLUENCIA DE 109.480 PERSOAS A ORGANIZACI\u00d3N TRABALLA XA NUNHA PROPOSTA NA QUE NEGOCIO E LECER SE UNIR\u00c1N UNHA VEZ M\u00c1IS NA S\u00daA EXPOSICI\u00d3N E PROGRAMA DE ACTIVIDADES Silleda, 2 de ... Ler m\u00e1is","og_url":"https:\/\/www.semanaverde.es\/gl\/la-feria-abanca-semana-verde-de-galicia-inicia-su-camino-hacia-una-edicion-especial-xacobeo-que-sera-del-3-al-6-de-junio-de-2027\/","og_site_name":"Feria Abanca Semana Verde de Galicia 2022","article_publisher":"https:\/\/www.facebook.com\/semanaverde","article_published_time":"2026-09-02T09:56:51+00:00","article_modified_time":"2026-09-02T09:58:05+00:00","og_image":[{"width":1500,"height":844,"url":"https:\/\/www.semanaverde.es\/wp-content\/uploads\/2026\/09\/Vista-pabellon-2-Abanca-Semana-Verde-2026-IMG_20260605_120533.jpg","type":"image\/jpeg"}],"twitter_card":"summary_large_image","twitter_creator":"@semanaverde","twitter_site":"@semanaverde","twitter_misc":{"Escrito por":"admin@SedExpo","Tempo de lectura":"2 minutos"},"schema":{"@context":"https:\/\/schema.org","@graph":[{"@type":"Organization","@id":"https:\/\/www.semanaverde.es\/gl\/#organization","name":"Feria Abanca Semana Verde de Galicia - Silleda","url":"https:\/\/www.semanaverde.es\/gl\/","sameAs":["https:\/\/www.facebook.com\/semanaverde","https:\/\/es.linkedin.com\/company\/feira-internacional-de-galicia---figa","https:\/\/twitter.com\/semanaverde"],"logo":{"@type":"ImageObject","@id":"https:\/\/www.semanaverde.es\/gl\/#logo","inLanguage":"gl-ES","url":"https:\/\/www.semanaverde.es\/wp-content\/uploads\/2022\/04\/logo-semana-verde.png","contentUrl":"https:\/\/www.semanaverde.es\/wp-content\/uploads\/2022\/04\/logo-semana-verde.png","width":312,"height":310,"caption":"Feria Abanca Semana Verde de Galicia - Silleda"},"image":{"@id":"https:\/\/www.semanaverde.es\/gl\/#logo"}},{"@type":"WebSite","@id":"https:\/\/www.semanaverde.es\/gl\/#website","url":"https:\/\/www.semanaverde.es\/gl\/","name":"Feria Abanca Semana Verde de Galicia 2022","description":"La feria Abanca Semana Verde de Galicia se celebra en Silleda del 2 al 5 de junio 2022","publisher":{"@id":"https:\/\/www.semanaverde.es\/gl\/#organization"},"potentialAction":[{"@type":"SearchAction","target":{"@type":"EntryPoint","urlTemplate":"https:\/\/www.semanaverde.es\/gl\/?s={search_term_string}"},"query-input":"required name=search_term_string"}],"inLanguage":"gl-ES"},{"@type":"ImageObject","@id":"https:\/\/www.semanaverde.es\/gl\/la-feria-abanca-semana-verde-de-galicia-inicia-su-camino-hacia-una-edicion-especial-xacobeo-que-sera-del-3-al-6-de-junio-de-2027\/#primaryimage","inLanguage":"gl-ES","url":"https:\/\/www.semanaverde.es\/wp-content\/uploads\/2026\/09\/Vista-pabellon-2-Abanca-Semana-Verde-2026-IMG_20260605_120533.jpg","contentUrl":"https:\/\/www.semanaverde.es\/wp-content\/uploads\/2026\/09\/Vista-pabellon-2-Abanca-Semana-Verde-2026-IMG_20260605_120533.jpg","width":1500,"height":844},{"@type":"WebPage","@id":"https:\/\/www.semanaverde.es\/gl\/la-feria-abanca-semana-verde-de-galicia-inicia-su-camino-hacia-una-edicion-especial-xacobeo-que-sera-del-3-al-6-de-junio-de-2027\/#webpage","url":"https:\/\/www.semanaverde.es\/gl\/la-feria-abanca-semana-verde-de-galicia-inicia-su-camino-hacia-una-edicion-especial-xacobeo-que-sera-del-3-al-6-de-junio-de-2027\/","name":"A feira Abanca Semana Verde de Galicia inicia o seu cami\u00f1o cara unha edici\u00f3n especial Xacobeo que ser\u00e1 do 3 ao 6 de xu\u00f1o de 2027 - Feria Abanca Semana Verde de Galicia 2022","isPartOf":{"@id":"https:\/\/www.semanaverde.es\/gl\/#website"},"primaryImageOfPage":{"@id":"https:\/\/www.semanaverde.es\/gl\/la-feria-abanca-semana-verde-de-galicia-inicia-su-camino-hacia-una-edicion-especial-xacobeo-que-sera-del-3-al-6-de-junio-de-2027\/#primaryimage"},"datePublished":"2026-09-02T09:56:51+00:00","dateModified":"2026-09-02T09:58:05+00:00","breadcrumb":{"@id":"https:\/\/www.semanaverde.es\/gl\/la-feria-abanca-semana-verde-de-galicia-inicia-su-camino-hacia-una-edicion-especial-xacobeo-que-sera-del-3-al-6-de-junio-de-2027\/#breadcrumb"},"inLanguage":"gl-ES","potentialAction":[{"@type":"ReadAction","target":["https:\/\/www.semanaverde.es\/gl\/la-feria-abanca-semana-verde-de-galicia-inicia-su-camino-hacia-una-edicion-especial-xacobeo-que-sera-del-3-al-6-de-junio-de-2027\/"]}]},{"@type":"BreadcrumbList","@id":"https:\/\/www.semanaverde.es\/gl\/la-feria-abanca-semana-verde-de-galicia-inicia-su-camino-hacia-una-edicion-especial-xacobeo-que-sera-del-3-al-6-de-junio-de-2027\/#breadcrumb","itemListElement":[{"@type":"ListItem","position":1,"name":"Portada","item":"https:\/\/www.semanaverde.es\/gl\/"},{"@type":"ListItem","position":2,"name":"A feira Abanca Semana Verde de Galicia inicia o seu cami\u00f1o cara unha edici\u00f3n especial Xacobeo que ser\u00e1 do 3 ao 6 de xu\u00f1o de 2027"}]},{"@type":"Article","@id":"https:\/\/www.semanaverde.es\/gl\/la-feria-abanca-semana-verde-de-galicia-inicia-su-camino-hacia-una-edicion-especial-xacobeo-que-sera-del-3-al-6-de-junio-de-2027\/#article","isPartOf":{"@id":"https:\/\/www.semanaverde.es\/gl\/la-feria-abanca-semana-verde-de-galicia-inicia-su-camino-hacia-una-edicion-especial-xacobeo-que-sera-del-3-al-6-de-junio-de-2027\/#webpage"},"author":{"@id":"https:\/\/www.semanaverde.es\/gl\/#\/schema\/person\/1fc7315d6712a25472b2c1ce06566872"},"headline":"A feira Abanca Semana Verde de Galicia inicia o seu cami\u00f1o cara unha edici\u00f3n especial Xacobeo que ser\u00e1 do 3 ao 6 de xu\u00f1o de 2027","datePublished":"2026-09-02T09:56:51+00:00","dateModified":"2026-09-02T09:58:05+00:00","mainEntityOfPage":{"@id":"https:\/\/www.semanaverde.es\/gl\/la-feria-abanca-semana-verde-de-galicia-inicia-su-camino-hacia-una-edicion-especial-xacobeo-que-sera-del-3-al-6-de-junio-de-2027\/#webpage"},"wordCount":513,"publisher":{"@id":"https:\/\/www.semanaverde.es\/gl\/#organization"},"image":{"@id":"https:\/\/www.semanaverde.es\/gl\/la-feria-abanca-semana-verde-de-galicia-inicia-su-camino-hacia-una-edicion-especial-xacobeo-que-sera-del-3-al-6-de-junio-de-2027\/#primaryimage"},"thumbnailUrl":"https:\/\/www.semanaverde.es\/wp-content\/uploads\/2026\/09\/Vista-pabellon-2-Abanca-Semana-Verde-2026-IMG_20260605_120533.jpg","articleSection":["Uncategorized @gl"],"inLanguage":"gl-ES"},{"@type":"Person","@id":"https:\/\/www.semanaverde.es\/gl\/#\/schema\/person\/1fc7315d6712a25472b2c1ce06566872","name":"admin@SedExpo","image":{"@type":"ImageObject","@id":"https:\/\/www.semanaverde.es\/gl\/#personlogo","inLanguage":"gl-ES","url":"https:\/\/secure.gravatar.com\/avatar\/2aee3a429c5c84b2486f82e4bb736b27e478d3632de0946f5aba7087273fe2cb?s=96&d=mm&r=g","contentUrl":"https:\/\/secure.gravatar.com\/avatar\/2aee3a429c5c84b2486f82e4bb736b27e478d3632de0946f5aba7087273fe2cb?s=96&d=mm&r=g","caption":"admin@SedExpo"},"url":"https:\/\/www.semanaverde.es\/gl\/author\/adminsedexpo\/"}]}},"_links":{"self":[{"href":"https:\/\/www.semanaverde.es\/gl\/wp-json\/wp\/v2\/posts\/4849","targetHints":{"allow":["GET"]}}],"collection":[{"href":"https:\/\/www.semanaverde.es\/gl\/wp-json\/wp\/v2\/posts"}],"about":[{"href":"https:\/\/www.semanaverde.es\/gl\/wp-json\/wp\/v2\/types\/post"}],"author":[{"embeddable":true,"href":"https:\/\/www.semanaverde.es\/gl\/wp-json\/wp\/v2\/users\/1"}],"replies":[{"embeddable":true,"href":"https:\/\/www.semanaverde.es\/gl\/wp-json\/wp\/v2\/comments?post=4849"}],"version-history":[{"count":1,"href":"https:\/\/www.semanaverde.es\/gl\/wp-json\/wp\/v2\/posts\/4849\/revisions"}],"predecessor-version":[{"id":4850,"href":"https:\/\/www.semanaverde.es\/gl\/wp-json\/wp\/v2\/posts\/4849\/revisions\/4850"}],"wp:featuredmedia":[{"embeddable":true,"href":"https:\/\/www.semanaverde.es\/gl\/wp-json\/wp\/v2\/media\/4847"}],"wp:attachment":[{"href":"https:\/\/www.semanaverde.es\/gl\/wp-json\/wp\/v2\/media?parent=4849"}],"wp:term":[{"taxonomy":"category","embeddable":true,"href":"https:\/\/www.semanaverde.es\/gl\/wp-json\/wp\/v2\/categories?post=4849"},{"taxonomy":"post_tag","embeddable":true,"href":"https:\/\/www.semanaverde.es\/gl\/wp-json\/wp\/v2\/tags?post=4849"}],"curies":[{"name":"wp","href":"https:\/\/api.w.org\/{rel}","templated":true}]}}